{"id":5048,"date":"2019-01-29T14:42:18","date_gmt":"2019-01-29T14:42:18","guid":{"rendered":"http:\/\/ninzio.com\/agrikole\/?p=5048"},"modified":"2019-01-29T14:42:18","modified_gmt":"2019-01-29T14:42:18","slug":"amount-of-freak-bread-or-other-fruits","status":"publish","type":"post","link":"https:\/\/www.tractoare-solis.ro\/en\/amount-of-freak-bread-or-other-fruits\/","title":{"rendered":"SOLIS 26 \u2013 modern, compact \u015fi robust"},"content":{"rendered":"<p><span>2 minute de citit Publicat: 29 Martie 2019, 04:33 <\/span><\/p>\n<p><span>SOLIS 26 \u2013 modern, compact \u015fi robust <\/span><\/p>\n<p><span>Articol scris de Ferma <\/span><\/p>\n<p>&nbsp;<\/p>\n<p><span><img fetchpriority=\"high\" decoding=\"async\" src=\"https:\/\/www.tractoare-solis.ro\/wp-content\/uploads\/2019\/01\/solis-1m119_m-300x199.jpg\" alt=\"\" width=\"300\" height=\"199\" class=\"alignnone size-medium wp-image-14894\" srcset=\"https:\/\/www.tractoare-solis.ro\/wp-content\/uploads\/2019\/01\/solis-1m119_m-300x199.jpg 300w, https:\/\/www.tractoare-solis.ro\/wp-content\/uploads\/2019\/01\/solis-1m119_m.jpg 310w\" sizes=\"(max-width: 300px) 100vw, 300px\" \/><\/span><\/p>\n<p><span>Este unul dintre cele mai bine v\u00e2\u00e2ndute modele de tractoare ale m\u0103rcii Solis din \u00eentreaga Europ\u0103, acoperind 33 de \u0163\u0103ri. Av\u00e2nd o dimensiune similar\u0103 cu al oric\u0103rui tractor din aceast\u0103 clas\u0103, noul Solis 26 este u\u015for de condus \u015fi ofer\u0103 o manevrabilitate ridicat\u0103 chiar \u015fi \u00een cele mai \u00eenguste locuri. Dispune de un motor Mitsubishi cu 3 cilindri, 1318 cmc \u015fi, av\u00e2nd norma de poluare STAGE V, poate fi \u00eenmatriculat pentru transportul pe drumurile publice. Datorit\u0103 echip\u0103rii cu o transmisie robust\u0103 pe 4 ro\u0163i (4WD), este furnizat\u0103 o trac\u0163iune puternic\u0103 \u00een cazul activit\u0103\u0163ilor solicitante \u015fi \u00een condi\u0163ii grele de teren. Servodirec\u0163ia hidraulic\u0103 a tractorului Solis 26 asigur\u0103 un mai mare control la coordonare \u015fi reduce considerabil efortul de operare. Noul model Solis 26 Facelift este un produs cu design ergonomic, proiectat pentru toate segmentele de utilizatori. Dispun\u00e2nd de un model nou de scaun, operatorul va avea parte de confort \u015fi siguran\u0163\u0103 sporit\u0103 \u00een utilizare, conform celor mai noi standarde din domeniu. Tractorul este echipat cu un capotaj modern, din tabl\u0103 \u015fi este prev\u0103zut cu proiectoare optimizate pentru asigurarea unei vizibilit\u0103\u0163i c\u00e2t mai bune la deplasare. Respectarea \u00eentocmai a Standardului European de Omologare face ca acest model s\u0103 fie cel mai de succes tractor v\u00e2ndut \u00een Europa. Este util pentru toate activit\u0103\u0163ile agricole (ar\u0103tura \u015fi frezarea solului, sem\u0103natul, cosirea sau greblarea ierbii, tractarea unei remorci sau cur\u0103\u0163area z\u0103pezii) datorit\u0103 capacit\u0103\u0163ii mari de ridicare \u00een tiran\u0163i \u015fi echip\u0103rii cu o priz\u0103 de putere cu 540\/1000 rot\/min. Tractorul SOLIS 26 poate fi prev\u0103zut cu o cabin\u0103 cu sistem de \u00eenc\u0103lzire, \u00eenc\u0103rc\u0103tor frontal cu cup\u0103 \u015fi greifer; de asemenea, poate fi echipat cu ro\u0163i agricole, ro\u0163i industriale sau ro\u0163i speciale de gazon. Beneficiind de o perioad\u0103 de garan\u0163ie extins\u0103 de p\u00e2n\u0103 la 3 ani, Solis 26 ofer\u0103 un grad mare de confort \u015fi siguran\u0163\u0103 \u00een utilizare. Un articol publicat \u00een revista Ferma nr. 4\/231 (edi\u0163ia 1-14 martie 2019)<\/span><\/p>\n<p><span>Cite\u0219te mai mult la: <\/span><a href=\"https:\/\/revista-ferma.ro\/solis-26-modern-compact-si-robust\/\">https:\/\/revista-ferma.ro\/solis-26-modern-compact-si-robust\/<\/a><span> <\/span><br \/>\n<span>Informa\u0163iile publicate pe site-ul Revista-Ferma.ro pot fi preluate, \u00een conformitate cu legisla\u021bia aplicabil\u0103, doar \u00een limita a 120 de caractere.<\/span><\/p>","protected":false},"excerpt":{"rendered":"<p>2 minute de citit Publicat: 29 Martie 2019, 04:33 SOLIS 26 \u2013 modern, compact \u015fi robust Articol scris de Ferma &nbsp; Este unul dintre cele mai bine v\u00e2\u00e2ndute modele de tractoare ale m\u0103rcii Solis din \u00eentreaga Europ\u0103, acoperind 33 de \u0163\u0103ri. Av\u00e2nd o dimensiune similar\u0103 cu al oric\u0103rui tractor din<\/p>","protected":false},"author":1,"featured_media":14719,"comment_status":"open","ping_status":"open","sticky":false,"template":"","format":"standard","meta":{"inline_featured_image":false,"_jetpack_memberships_contains_paid_content":false,"footnotes":""},"categories":[33],"tags":[36,37,38,39],"class_list":["post-5048","post","type-post","status-publish","format-standard","has-post-thumbnail","hentry","category-tractoare","tag-dairy","tag-economy","tag-farm","tag-healthy"],"jetpack_featured_media_url":"https:\/\/www.tractoare-solis.ro\/wp-content\/uploads\/2023\/04\/europe_solis26_16.png","jetpack_sharing_enabled":true,"_links":{"self":[{"href":"https:\/\/www.tractoare-solis.ro\/en\/wp-json\/wp\/v2\/posts\/5048","targetHints":{"allow":["GET"]}}],"collection":[{"href":"https:\/\/www.tractoare-solis.ro\/en\/wp-json\/wp\/v2\/posts"}],"about":[{"href":"https:\/\/www.tractoare-solis.ro\/en\/wp-json\/wp\/v2\/types\/post"}],"author":[{"embeddable":true,"href":"https:\/\/www.tractoare-solis.ro\/en\/wp-json\/wp\/v2\/users\/1"}],"replies":[{"embeddable":true,"href":"https:\/\/www.tractoare-solis.ro\/en\/wp-json\/wp\/v2\/comments?post=5048"}],"version-history":[{"count":0,"href":"https:\/\/www.tractoare-solis.ro\/en\/wp-json\/wp\/v2\/posts\/5048\/revisions"}],"wp:featuredmedia":[{"embeddable":true,"href":"https:\/\/www.tractoare-solis.ro\/en\/wp-json\/wp\/v2\/media\/14719"}],"wp:attachment":[{"href":"https:\/\/www.tractoare-solis.ro\/en\/wp-json\/wp\/v2\/media?parent=5048"}],"wp:term":[{"taxonomy":"category","embeddable":true,"href":"https:\/\/www.tractoare-solis.ro\/en\/wp-json\/wp\/v2\/categories?post=5048"},{"taxonomy":"post_tag","embeddable":true,"href":"https:\/\/www.tractoare-solis.ro\/en\/wp-json\/wp\/v2\/tags?post=5048"}],"curies":[{"name":"wp","href":"https:\/\/api.w.org\/{rel}","templated":true}]}}